{"id":1592,"date":"2022-01-06T11:35:57","date_gmt":"2022-01-06T10:35:57","guid":{"rendered":"http:\/\/ozedanse.fr\/?p=1592"},"modified":"2023-04-08T21:39:49","modified_gmt":"2023-04-08T20:39:49","slug":"ozedanse-sur-les-reseaux-sociaux","status":"publish","type":"post","link":"https:\/\/ozedanse.fr\/index.php\/2022\/01\/06\/ozedanse-sur-les-reseaux-sociaux\/","title":{"rendered":"Oz\u00e9danse sur les r\u00e9seaux sociaux"},"content":{"rendered":"\n<p>Pour bien commencer l&rsquo;ann\u00e9e Oz\u00e9danse a cr\u00e9\u00e9e une nouvelle page Facebook et une jolie page Instagram.<\/p>\n\n\n\n<p>R\u00e9guli\u00e8rement des photos et vid\u00e9os de nos \u00e9l\u00e8ves seront publi\u00e9es, n&rsquo;attendez plus pour vous y abonner et ne rien manquer !<\/p>\n\n\n\n<p>Instagram : Je suis sur Instagram sous le nom @ozedanse_ecolededanse. Installez l&rsquo;application pour vous abonner \u00e0 mes photos et vid\u00e9os. <a href=\"https:\/\/www.instagram.com\/invites\/contact\/?i=1b3lynuum98z8&amp;utm_content=msp608l\">https:\/\/www.instagram.com\/invites\/contact\/?i=1b3lynuum98z8&amp;utm_content=msp608l<\/a><\/p>\n\n\n\n<p>Facebook : <a href=\"https:\/\/www.facebook.com\/ozedanseecolededanse\/\">https:\/\/www.facebook.com\/ozedanseecolededanse\/<\/a><\/p>\n\n\n\n<p>Attention notre ancienne page Facebook n&rsquo;est d\u00e9sormais plus active<\/p>\n\n\n\n<p>A bient\u00f4t sur nos r\u00e9seaux !<\/p>\n","protected":false},"excerpt":{"rendered":"<p>Pour bien commencer l&rsquo;ann\u00e9e Oz\u00e9danse a cr\u00e9\u00e9e une nouvelle page Facebook et une jolie page Instagram. R\u00e9guli\u00e8rement des photos et vid\u00e9os de nos \u00e9l\u00e8ves seront publi\u00e9es, n&rsquo;attendez plus pour vous y abonner et ne rien manquer ! Instagram : Je suis sur Instagram sous le nom @ozedanse_ecolededanse. Installez l&rsquo;application pour vous abonner \u00e0 mes photos &hellip; <\/p>\n","protected":false},"author":7,"featured_media":0,"comment_status":"closed","ping_status":"closed","sticky":true,"template":"","format":"standard","meta":[],"categories":[6],"tags":[],"_links":{"self":[{"href":"https:\/\/ozedanse.fr\/index.php\/wp-json\/wp\/v2\/posts\/1592"}],"collection":[{"href":"https:\/\/ozedanse.fr\/index.php\/wp-json\/wp\/v2\/posts"}],"about":[{"href":"https:\/\/ozedanse.fr\/index.php\/wp-json\/wp\/v2\/types\/post"}],"author":[{"embeddable":true,"href":"https:\/\/ozedanse.fr\/index.php\/wp-json\/wp\/v2\/users\/7"}],"replies":[{"embeddable":true,"href":"https:\/\/ozedanse.fr\/index.php\/wp-json\/wp\/v2\/comments?post=1592"}],"version-history":[{"count":1,"href":"https:\/\/ozedanse.fr\/index.php\/wp-json\/wp\/v2\/posts\/1592\/revisions"}],"predecessor-version":[{"id":1593,"href":"https:\/\/ozedanse.fr\/index.php\/wp-json\/wp\/v2\/posts\/1592\/revisions\/1593"}],"wp:attachment":[{"href":"https:\/\/ozedanse.fr\/index.php\/wp-json\/wp\/v2\/media?parent=1592"}],"wp:term":[{"taxonomy":"category","embeddable":true,"href":"https:\/\/ozedanse.fr\/index.php\/wp-json\/wp\/v2\/categories?post=1592"},{"taxonomy":"post_tag","embeddable":true,"href":"https:\/\/ozedanse.fr\/index.php\/wp-json\/wp\/v2\/tags?post=1592"}],"curies":[{"name":"wp","href":"https:\/\/api.w.org\/{rel}","templated":true}]}}