{"id":1586,"date":"2022-12-15T11:30:32","date_gmt":"2022-12-15T10:30:32","guid":{"rendered":"http:\/\/ozedanse.fr\/?p=1586"},"modified":"2023-04-09T18:00:26","modified_gmt":"2023-04-09T17:00:26","slug":"petits-souvenirs-du-telethon-2021","status":"publish","type":"post","link":"https:\/\/ozedanse.fr\/index.php\/2022\/12\/15\/petits-souvenirs-du-telethon-2021\/","title":{"rendered":"Petits Souvenirs du T\u00e9l\u00e9thon 2022"},"content":{"rendered":"\n<p>Du 29 novembre au 2 d\u00e9cembre ont eu lieu les portes ouvertes d\u2019Oz\u00e9danse. En plus de faire d\u00e9couvrir le travail des \u00e9l\u00e8ves, l\u2019\u00e9cole de danse a organis\u00e9 une collecte de fonds pour soutenir l&rsquo;AFM t\u00e9l\u00e9thon. Pour rappel, l\u2019association a pour objectif de sensibiliser et financer la recherche sur les maladies neuromusculaires g\u00e9n\u00e9tiques, rares et lourdement invalidantes. Le succ\u00e8s fut au rendez-vous puisque 511\u20ac ont \u00e9t\u00e9 r\u00e9colt\u00e9s. Nous remercions les 15 b\u00e9n\u00e9voles, les professeurs, les \u00e9l\u00e8ves et l\u2019ensemble des participants.<\/p>\n\n\n\n<p><\/p>\n","protected":false},"excerpt":{"rendered":"<p>Du 29 novembre au 2 d\u00e9cembre ont eu lieu les portes ouvertes d\u2019Oz\u00e9danse. En plus de faire d\u00e9couvrir le travail des \u00e9l\u00e8ves, l\u2019\u00e9cole de danse a organis\u00e9 une collecte de fonds pour soutenir l&rsquo;AFM t\u00e9l\u00e9thon. Pour rappel, l\u2019association a pour objectif de sensibiliser et financer la recherche sur les maladies neuromusculaires g\u00e9n\u00e9tiques, rares et lourdement &hellip; <\/p>\n","protected":false},"author":1,"featured_media":0,"comment_status":"closed","ping_status":"closed","sticky":false,"template":"","format":"standard","meta":[],"categories":[6],"tags":[],"_links":{"self":[{"href":"https:\/\/ozedanse.fr\/index.php\/wp-json\/wp\/v2\/posts\/1586"}],"collection":[{"href":"https:\/\/ozedanse.fr\/index.php\/wp-json\/wp\/v2\/posts"}],"about":[{"href":"https:\/\/ozedanse.fr\/index.php\/wp-json\/wp\/v2\/types\/post"}],"author":[{"embeddable":true,"href":"https:\/\/ozedanse.fr\/index.php\/wp-json\/wp\/v2\/users\/1"}],"replies":[{"embeddable":true,"href":"https:\/\/ozedanse.fr\/index.php\/wp-json\/wp\/v2\/comments?post=1586"}],"version-history":[{"count":3,"href":"https:\/\/ozedanse.fr\/index.php\/wp-json\/wp\/v2\/posts\/1586\/revisions"}],"predecessor-version":[{"id":2080,"href":"https:\/\/ozedanse.fr\/index.php\/wp-json\/wp\/v2\/posts\/1586\/revisions\/2080"}],"wp:attachment":[{"href":"https:\/\/ozedanse.fr\/index.php\/wp-json\/wp\/v2\/media?parent=1586"}],"wp:term":[{"taxonomy":"category","embeddable":true,"href":"https:\/\/ozedanse.fr\/index.php\/wp-json\/wp\/v2\/categories?post=1586"},{"taxonomy":"post_tag","embeddable":true,"href":"https:\/\/ozedanse.fr\/index.php\/wp-json\/wp\/v2\/tags?post=1586"}],"curies":[{"name":"wp","href":"https:\/\/api.w.org\/{rel}","templated":true}]}}